{"id":63,"date":"2023-09-02T00:46:38","date_gmt":"2023-09-01T22:46:38","guid":{"rendered":"http:\/\/www.rehbinder.se\/?p=63"},"modified":"2023-11-16T11:15:11","modified_gmt":"2023-11-16T10:15:11","slug":"ny-doman-for-bildgalleri","status":"publish","type":"post","link":"https:\/\/www.rehbinder.se\/index.php\/2023\/09\/02\/ny-doman-for-bildgalleri\/","title":{"rendered":"Ny dom\u00e4n f\u00f6r bildgalleri!"},"content":{"rendered":"<p><strong>Jag har just registrerat en ny dom\u00e4n<\/strong>, som jag t\u00e4nkt anv\u00e4nda till min bildproduktion \u2013 d\u00e4rav namnet: <strong>rehbinderbild.se<\/strong>. Det \u00e4r inte s\u00e5 mycket mer att s\u00e4ga om det, eftersom det inte finns n\u00e5got alls p\u00e5 den adressen \u00e4n. Jag har k\u00f6pt tomten, men det finns inget hus d\u00e4r \u00e4n, kan man s\u00e4ga.<\/p>\n<p><strong>Mina gamla HTML-sidor <\/strong>f\u00f6r visuell kommunikation \u2013 <a href=\"http:\/\/www.multiart.nu\/index.html\" target=\"_blank\" rel=\"noopener\"><strong>Rehbinder MultiArt Productions<\/strong><\/a> (grafisk production, illustration, m\u00e5leri) och <a href=\"http:\/\/www.multiart.nu\/photogallery\/\" target=\"_blank\" rel=\"noopener\"><strong>Carl Johan Rehbinder \u2022 Photo Gallery<\/strong><\/a> (foto) \u00e4r verkligen gamla, och beh\u00f6ver ers\u00e4ttas med mer moderna, l\u00e4ttarbetade sidor, men till dess att jag har nya sidor f\u00e5r de gamla vara kvar.<\/p>\n<p><strong>Det jag beh\u00f6ver best\u00e4mma<\/strong> \u00e4r om det ska vara en hemsida f\u00f6r BARA foto, eller om det ska bli en tv\u00e5delad sida, d\u00e4r illustration och m\u00e5leri finns vid sidan om fotograferandet. Det har jag inte tagit st\u00e4llning till \u00e4n. Hur som helst har jag nu 10 aktiva dom\u00e4ner, dock inte alla med fungerande hemsidor.<\/p>\n<p><img loading=\"lazy\" decoding=\"async\" src=\"http:\/\/www.rehbinder.se\/wp-content\/uploads\/2023\/08\/stripe_584.jpg\" alt=\"\" width=\"584\" height=\"28\" \/><\/p>\n<p><strong>Framtiden f\u00e5r utvisa vad det blir.<\/strong><\/p>\n","protected":false},"excerpt":{"rendered":"<p>Jag har just registrerat en ny dom\u00e4n, som jag t\u00e4nkt anv\u00e4nda till min bildproduktion \u2013 d\u00e4rav namnet: rehbinderbild.se. Det \u00e4r inte s\u00e5 mycket mer att s\u00e4ga om det, eftersom det inte finns n\u00e5got alls p\u00e5 den adressen \u00e4n. Jag har &hellip; <a href=\"https:\/\/www.rehbinder.se\/index.php\/2023\/09\/02\/ny-doman-for-bildgalleri\/\">Forts\u00e4tt l\u00e4sa <span class=\"meta-nav\">&rarr;<\/span><\/a><\/p>\n","protected":false},"author":1,"featured_media":0,"comment_status":"closed","ping_status":"closed","sticky":false,"template":"","format":"standard","meta":{"footnotes":""},"categories":[1],"tags":[],"class_list":["post-63","post","type-post","status-publish","format-standard","hentry","category-okategoriserade"],"_links":{"self":[{"href":"https:\/\/www.rehbinder.se\/index.php\/wp-json\/wp\/v2\/posts\/63","targetHints":{"allow":["GET"]}}],"collection":[{"href":"https:\/\/www.rehbinder.se\/index.php\/wp-json\/wp\/v2\/posts"}],"about":[{"href":"https:\/\/www.rehbinder.se\/index.php\/wp-json\/wp\/v2\/types\/post"}],"author":[{"embeddable":true,"href":"https:\/\/www.rehbinder.se\/index.php\/wp-json\/wp\/v2\/users\/1"}],"replies":[{"embeddable":true,"href":"https:\/\/www.rehbinder.se\/index.php\/wp-json\/wp\/v2\/comments?post=63"}],"version-history":[{"count":4,"href":"https:\/\/www.rehbinder.se\/index.php\/wp-json\/wp\/v2\/posts\/63\/revisions"}],"predecessor-version":[{"id":171,"href":"https:\/\/www.rehbinder.se\/index.php\/wp-json\/wp\/v2\/posts\/63\/revisions\/171"}],"wp:attachment":[{"href":"https:\/\/www.rehbinder.se\/index.php\/wp-json\/wp\/v2\/media?parent=63"}],"wp:term":[{"taxonomy":"category","embeddable":true,"href":"https:\/\/www.rehbinder.se\/index.php\/wp-json\/wp\/v2\/categories?post=63"},{"taxonomy":"post_tag","embeddable":true,"href":"https:\/\/www.rehbinder.se\/index.php\/wp-json\/wp\/v2\/tags?post=63"}],"curies":[{"name":"wp","href":"https:\/\/api.w.org\/{rel}","templated":true}]}}